{"id":84,"date":"2018-07-19T14:12:35","date_gmt":"2018-07-19T12:12:35","guid":{"rendered":"http:\/\/blog.wekraft.de\/?p=84"},"modified":"2018-07-24T18:55:33","modified_gmt":"2018-07-24T16:55:33","slug":"16-07-2018","status":"publish","type":"post","link":"http:\/\/blog.wekraft.de\/?p=84","title":{"rendered":"16.07.18 &#8211; Ab auf die Insel"},"content":{"rendered":"<p>Der n\u00e4chste Morgen war eine sch\u00f6ne Einstimmung auf die folgenden Tage.<\/p>\n<p>Der Strand von Ostende, man sieht sch\u00f6n, bis wohin die Ebbe den Starnd bedeckt hatte.<\/p>\n<p><img src=\"http:\/\/blog.wekraft.de\/wp-content\/uploads\/2018\/07\/img_5170.jpg\" class=\"size-full\"><img src=\"http:\/\/blog.wekraft.de\/wp-content\/uploads\/2018\/07\/img_5165.jpg\" class=\"size-full\"><\/p>\n<p><strong>N\u00e4chste Station, Calais<\/strong><\/p>\n<p>Kaum zu glauben wie dort mit Stacheldraht alles abgesichert ist&#8230;<\/p>\n<p><img src=\"http:\/\/blog.wekraft.de\/wp-content\/uploads\/2018\/07\/img_5171.jpg\" class=\"size-full\"><\/p>\n<p>Und ab auf die F\u00e4hre<\/p>\n<p><img src=\"http:\/\/blog.wekraft.de\/wp-content\/uploads\/2018\/07\/img_5174.jpg\" class=\"size-full\"><\/p>\n<p>Eine kleine St\u00e4rkung gef\u00e4llig?<\/p>\n<p><img src=\"http:\/\/blog.wekraft.de\/wp-content\/uploads\/2018\/07\/img_5183.jpg\" class=\"size-full\"><\/p>\n<p>Das Wetter ist super, der Blick auf die Kreidefelsen k\u00f6nnte kaum besser sein.<\/p>\n<p><img src=\"http:\/\/blog.wekraft.de\/wp-content\/uploads\/2018\/07\/img_5187.jpg\" class=\"size-full\"><\/p>\n<p><strong><em>Erster geplanter Stop \u201eHastings\u201c<\/em><\/strong><\/p>\n<p>Unerwartet viel Platz auf dem Campingplatz.<\/p>\n<p><img src=\"http:\/\/blog.wekraft.de\/wp-content\/uploads\/2018\/07\/img_5192.jpg\" class=\"size-full\"><\/p>\n<p>Doch dann das erste gro\u00dfe Problem, keiner h\u00e4tte damit gerechnet, aber man h\u00e4tte doch einen Ersatzschl\u00fcssel mitnehmen m\u00fcssen! Der eine Teil blieb einfach im Schloss stecken. Das Problem, ein Schl\u00fcssel f\u00fcr alles, Frischwasser, Abwasser, T\u00fcren und Kofferraum.<\/p>\n<p>Zum Gl\u00fcck hat uns ein Schl\u00fcsseldienst einen gut schlie\u00dfenden Ersatz anfertigen k\u00f6nnen.<\/p>\n<p><img src=\"http:\/\/blog.wekraft.de\/wp-content\/uploads\/2018\/07\/img_5206.jpg\" class=\"size-full\"><\/p>\n<p>Danach ging es erstmal an den Strand, sehr ungew\u00f6hnlich f\u00fcr uns war der recht grobe Kie\u00df.<\/p>\n<p><img src=\"http:\/\/blog.wekraft.de\/wp-content\/uploads\/2018\/07\/img_5199.jpg\" class=\"size-full\"><\/p>\n<p>Ein herrlicher Blick ins Landesinnere.<\/p>\n<p><img src=\"http:\/\/blog.wekraft.de\/wp-content\/uploads\/2018\/07\/img_5193.jpg\" class=\"size-full\"><\/p>\n<p>Die R\u00fcckkehr wurde uns noch mit einem Kn\u00f6llchen vers\u00fc\u00dft, Anwohnerparkplatz kostet 70\u00a3, mal sehen wie wir das regeln.<\/p>\n","protected":false},"excerpt":{"rendered":"<p>Der n\u00e4chste Morgen war eine sch\u00f6ne Einstimmung auf die folgenden Tage. Der Strand von Ostende, man sieht sch\u00f6n, bis wohin<\/p>\n","protected":false},"author":3,"featured_media":61,"comment_status":"open","ping_status":"open","sticky":false,"template":"","format":"standard","meta":[],"categories":[6],"tags":[],"_links":{"self":[{"href":"http:\/\/blog.wekraft.de\/index.php?rest_route=\/wp\/v2\/posts\/84"}],"collection":[{"href":"http:\/\/blog.wekraft.de\/index.php?rest_route=\/wp\/v2\/posts"}],"about":[{"href":"http:\/\/blog.wekraft.de\/index.php?rest_route=\/wp\/v2\/types\/post"}],"author":[{"embeddable":true,"href":"http:\/\/blog.wekraft.de\/index.php?rest_route=\/wp\/v2\/users\/3"}],"replies":[{"embeddable":true,"href":"http:\/\/blog.wekraft.de\/index.php?rest_route=%2Fwp%2Fv2%2Fcomments&post=84"}],"version-history":[{"count":10,"href":"http:\/\/blog.wekraft.de\/index.php?rest_route=\/wp\/v2\/posts\/84\/revisions"}],"predecessor-version":[{"id":213,"href":"http:\/\/blog.wekraft.de\/index.php?rest_route=\/wp\/v2\/posts\/84\/revisions\/213"}],"wp:featuredmedia":[{"embeddable":true,"href":"http:\/\/blog.wekraft.de\/index.php?rest_route=\/wp\/v2\/media\/61"}],"wp:attachment":[{"href":"http:\/\/blog.wekraft.de\/index.php?rest_route=%2Fwp%2Fv2%2Fmedia&parent=84"}],"wp:term":[{"taxonomy":"category","embeddable":true,"href":"http:\/\/blog.wekraft.de\/index.php?rest_route=%2Fwp%2Fv2%2Fcategories&post=84"},{"taxonomy":"post_tag","embeddable":true,"href":"http:\/\/blog.wekraft.de\/index.php?rest_route=%2Fwp%2Fv2%2Ftags&post=84"}],"curies":[{"name":"wp","href":"https:\/\/api.w.org\/{rel}","templated":true}]}}